{"id":39,"date":"2017-05-01T14:16:06","date_gmt":"2017-05-01T14:16:06","guid":{"rendered":"http:\/\/lecomptoirdecuba.fr\/?p=39"},"modified":"2019-05-20T09:14:52","modified_gmt":"2019-05-20T09:14:52","slug":"comment-est-organisee-lindustrie-du-miel-a-cuba","status":"publish","type":"post","link":"https:\/\/lecomptoirdecuba.fr\/?p=39","title":{"rendered":"Comment est organis\u00e9e la fili\u00e8re du miel \u00e0 cuba?"},"content":{"rendered":"<iframe  id=\"_ytid_53131\"  width=\"688\" height=\"387\"  data-origwidth=\"688\" data-origheight=\"387\"  src=\"https:\/\/www.youtube.com\/embed\/aY-wG62wH1E?enablejsapi=1&autoplay=0&cc_load_policy=0&iv_load_policy=1&loop=0&modestbranding=0&rel=1&fs=1&playsinline=0&autohide=2&theme=dark&color=red&controls=1&\" class=\"__youtube_prefs__ no-lazyload\" title=\"YouTube player\"  allow=\"autoplay; encrypted-media\" allowfullscreen data-no-lazy=\"1\" data-skipgform_ajax_framebjll=\"\"><\/iframe>\n","protected":false},"excerpt":{"rendered":"","protected":false},"author":1,"featured_media":0,"comment_status":"closed","ping_status":"closed","sticky":false,"template":"","format":"standard","meta":{"spay_email":"","jetpack_publicize_message":""},"categories":[1],"tags":[],"jetpack_featured_media_url":"","jetpack_publicize_connections":[],"yoast_head":"<!-- This site is optimized with the Yoast SEO plugin v14.2 - https:\/\/yoast.com\/wordpress\/plugins\/seo\/ -->\n<title>Comment est organis\u00e9e la fili\u00e8re du miel \u00e0 cuba? - Le Comptoir de Cuba<\/title>\n<meta name=\"robots\" content=\"index, follow\" \/>\n<meta name=\"googlebot\" content=\"index, follow, max-snippet:-1, max-image-preview:large, max-video-preview:-1\" \/>\n<meta name=\"bingbot\" content=\"index, follow, max-snippet:-1, max-image-preview:large, max-video-preview:-1\" \/>\n<link rel=\"canonical\" href=\"https:\/\/lecomptoirdecuba.fr\/?p=39\" \/>\n<meta property=\"og:locale\" content=\"fr_FR\" \/>\n<meta property=\"og:type\" content=\"article\" \/>\n<meta property=\"og:title\" content=\"Comment est organis\u00e9e la fili\u00e8re du miel \u00e0 cuba? - Le Comptoir de Cuba\" \/>\n<meta property=\"og:url\" content=\"https:\/\/lecomptoirdecuba.fr\/?p=39\" \/>\n<meta property=\"og:site_name\" content=\"Le Comptoir de Cuba\" \/>\n<meta property=\"article:publisher\" content=\"https:\/\/www.facebook.com\/Le-Comptoir-de-Cuba-1817483258571261\/\" \/>\n<meta property=\"article:published_time\" content=\"2017-05-01T14:16:06+00:00\" \/>\n<meta property=\"article:modified_time\" content=\"2019-05-20T09:14:52+00:00\" \/>\n<meta name=\"twitter:card\" content=\"summary_large_image\" \/>\n<script type=\"application\/ld+json\" class=\"yoast-schema-graph\">{\"@context\":\"https:\/\/schema.org\",\"@graph\":[{\"@type\":\"WebSite\",\"@id\":\"https:\/\/lecomptoirdecuba.fr\/#website\",\"url\":\"https:\/\/lecomptoirdecuba.fr\/\",\"name\":\"Le Comptoir de Cuba\",\"description\":\"Importateur et exportateur de produits de la ruche\",\"potentialAction\":[{\"@type\":\"SearchAction\",\"target\":\"https:\/\/lecomptoirdecuba.fr\/?s={search_term_string}\",\"query-input\":\"required name=search_term_string\"}],\"inLanguage\":\"fr-FR\"},{\"@type\":\"WebPage\",\"@id\":\"https:\/\/lecomptoirdecuba.fr\/?p=39#webpage\",\"url\":\"https:\/\/lecomptoirdecuba.fr\/?p=39\",\"name\":\"Comment est organis\\u00e9e la fili\\u00e8re du miel \\u00e0 cuba? - Le Comptoir de Cuba\",\"isPartOf\":{\"@id\":\"https:\/\/lecomptoirdecuba.fr\/#website\"},\"datePublished\":\"2017-05-01T14:16:06+00:00\",\"dateModified\":\"2019-05-20T09:14:52+00:00\",\"author\":{\"@id\":\"https:\/\/lecomptoirdecuba.fr\/#\/schema\/person\/24687868a72f56a0175fb3aa99b9c48b\"},\"inLanguage\":\"fr-FR\",\"potentialAction\":[{\"@type\":\"ReadAction\",\"target\":[\"https:\/\/lecomptoirdecuba.fr\/?p=39\"]}]},{\"@type\":[\"Person\"],\"@id\":\"https:\/\/lecomptoirdecuba.fr\/#\/schema\/person\/24687868a72f56a0175fb3aa99b9c48b\",\"name\":\"sf41s\",\"image\":{\"@type\":\"ImageObject\",\"@id\":\"https:\/\/lecomptoirdecuba.fr\/#personlogo\",\"inLanguage\":\"fr-FR\",\"url\":\"https:\/\/secure.gravatar.com\/avatar\/e7fff52dc66a1477664c38bea4ad3d11?s=96&d=mm&r=g\",\"caption\":\"sf41s\"}}]}<\/script>\n<!-- \/ Yoast SEO plugin. -->","jetpack_sharing_enabled":true,"jetpack_shortlink":"https:\/\/wp.me\/p8HpmP-D","jetpack-related-posts":[],"_links":{"self":[{"href":"https:\/\/lecomptoirdecuba.fr\/index.php?rest_route=\/wp\/v2\/posts\/39"}],"collection":[{"href":"https:\/\/lecomptoirdecuba.fr\/index.php?rest_route=\/wp\/v2\/posts"}],"about":[{"href":"https:\/\/lecomptoirdecuba.fr\/index.php?rest_route=\/wp\/v2\/types\/post"}],"author":[{"embeddable":true,"href":"https:\/\/lecomptoirdecuba.fr\/index.php?rest_route=\/wp\/v2\/users\/1"}],"replies":[{"embeddable":true,"href":"https:\/\/lecomptoirdecuba.fr\/index.php?rest_route=%2Fwp%2Fv2%2Fcomments&post=39"}],"version-history":[{"count":4,"href":"https:\/\/lecomptoirdecuba.fr\/index.php?rest_route=\/wp\/v2\/posts\/39\/revisions"}],"predecessor-version":[{"id":207,"href":"https:\/\/lecomptoirdecuba.fr\/index.php?rest_route=\/wp\/v2\/posts\/39\/revisions\/207"}],"wp:attachment":[{"href":"https:\/\/lecomptoirdecuba.fr\/index.php?rest_route=%2Fwp%2Fv2%2Fmedia&parent=39"}],"wp:term":[{"taxonomy":"category","embeddable":true,"href":"https:\/\/lecomptoirdecuba.fr\/index.php?rest_route=%2Fwp%2Fv2%2Fcategories&post=39"},{"taxonomy":"post_tag","embeddable":true,"href":"https:\/\/lecomptoirdecuba.fr\/index.php?rest_route=%2Fwp%2Fv2%2Ftags&post=39"}],"curies":[{"name":"wp","href":"https:\/\/api.w.org\/{rel}","templated":true}]}}